{"id":1259,"date":"2025-08-06T14:25:43","date_gmt":"2025-08-06T17:25:43","guid":{"rendered":"https:\/\/agroznegocios.com.br\/?p=1259"},"modified":"2025-08-06T14:25:43","modified_gmt":"2025-08-06T17:25:43","slug":"india-projeta-forte-alta-na-producao-de-acucar-para-2025-26","status":"publish","type":"post","link":"https:\/\/agroznegocios.com.br\/index.php\/2025\/08\/06\/india-projeta-forte-alta-na-producao-de-acucar-para-2025-26\/","title":{"rendered":"\u00cdndia projeta forte alta na produ\u00e7\u00e3o de a\u00e7\u00facar para 2025\/26"},"content":{"rendered":"<div data-originalfontsize=\"12pt\" data-originalcomputedfontsize=\"16\">Segundo a Associa\u00e7\u00e3o Indiana de Fabricantes de A\u00e7\u00facar e Bioenergia (ISMA), a produ\u00e7\u00e3o l\u00edquida de a\u00e7\u00facar da \u00cdndia pode alcan\u00e7ar 30 milh\u00f5es de toneladas na safra 2025\/26, um salto significativo em rela\u00e7\u00e3o \u00e0s 26,1 milh\u00f5es de toneladas da safra anterior.<\/div>\n<div data-originalfontsize=\"12pt\" data-originalcomputedfontsize=\"16\"><\/div>\n<div data-originalfontsize=\"12pt\" data-originalcomputedfontsize=\"16\"><\/div>\n<div data-originalfontsize=\"12pt\" data-originalcomputedfontsize=\"16\">A previs\u00e3o refor\u00e7a o potencial de recupera\u00e7\u00e3o da produ\u00e7\u00e3o indiana, impulsionada por melhores condi\u00e7\u00f5es clim\u00e1ticas e maior disponibilidade de mat\u00e9ria-prima \u2014 o que pode influenciar diretamente os pre\u00e7os globais do a\u00e7\u00facar nos pr\u00f3ximos meses.<\/div>\n<div data-originalfontsize=\"12pt\" data-originalcomputedfontsize=\"16\"><\/div>\n<div data-originalfontsize=\"12pt\" data-originalcomputedfontsize=\"16\"><\/div>\n<div data-originalfontsize=\"12pt\" data-originalcomputedfontsize=\"16\">Para o Brasil, maior exportador mundial, o avan\u00e7o da produ\u00e7\u00e3o indiana exige aten\u00e7\u00e3o estrat\u00e9gica: a oferta internacional maior pode pressionar os pre\u00e7os, exigindo agilidade comercial e foco na competitividade.<\/div>\n<div data-originalfontsize=\"12pt\" data-originalcomputedfontsize=\"16\"><\/div>\n<div data-originalfontsize=\"12pt\" data-originalcomputedfontsize=\"16\"><\/div>\n<div data-originalfontsize=\"12pt\" data-originalcomputedfontsize=\"16\">Seguimos monitorando os movimentos do mercado para apoiar o produtor com informa\u00e7\u00e3o e planejamento.<\/div>\n<div data-originalfontsize=\"12pt\" data-originalcomputedfontsize=\"16\"><\/div>\n<div data-originalfontsize=\"12pt\" data-originalcomputedfontsize=\"16\"><\/div>\n<div data-originalfontsize=\"9pt\" data-originalcomputedfontsize=\"12\">Fonte: CanaOnline &#8211; <a href=\"https:\/\/www.canaonline.com.br\/conteudo\/producao-liquida-de-acucar-da-india-devera-alcancar-30-milhoes-de-toneladas-em-202526.html\" target=\"_blank\" rel=\"noopener\" data-saferedirecturl=\"https:\/\/www.google.com\/url?q=https:\/\/www.canaonline.com.br\/conteudo\/producao-liquida-de-acucar-da-india-devera-alcancar-30-milhoes-de-toneladas-em-202526.html&amp;source=gmail&amp;ust=1754153521114000&amp;usg=AOvVaw28uX4oWEYAC65AKSiOzehq\" data-removefontsize=\"true\" data-originalcomputedfontsize=\"12\">https:\/\/www.canaonline.com.br\/<wbr \/>conteudo\/producao-liquida-de-<wbr \/>acucar-da-india-devera-<wbr \/>alcancar-30-milhoes-de-<wbr \/>toneladas-em-202526.html<\/a>.<\/div>\n<div id=\"m_754446874240940162Signature\"><\/div>\n","protected":false},"excerpt":{"rendered":"<p>Segundo a Associa\u00e7\u00e3o Indiana de Fabricantes de A\u00e7\u00facar e Bioenergia (ISMA), a produ\u00e7\u00e3o l\u00edquida de a\u00e7\u00facar da \u00cdndia pode alcan\u00e7ar 30 milh\u00f5es de toneladas na safra 2025\/26, um salto significativo em rela\u00e7\u00e3o \u00e0s 26,1 milh\u00f5es de toneladas da safra anterior. A previs\u00e3o refor\u00e7a o potencial de recupera\u00e7\u00e3o da produ\u00e7\u00e3o indiana, impulsionada por melhores condi\u00e7\u00f5es clim\u00e1ticas [&hellip;]<\/p>\n","protected":false},"author":3,"featured_media":1260,"comment_status":"open","ping_status":"open","sticky":false,"template":"","format":"standard","meta":{"footnotes":""},"categories":[1],"tags":[],"class_list":["post-1259","post","type-post","status-publish","format-standard","has-post-thumbnail","hentry","category-blog"],"yoast_head":"<!-- This site is optimized with the Yoast SEO Premium plugin v24.6 (Yoast SEO v24.6) - https:\/\/yoast.com\/wordpress\/plugins\/seo\/ -->\n<title>\u00cdndia projeta forte alta na produ\u00e7\u00e3o de a\u00e7\u00facar para 2025\/26 - AgroZ<\/title>\n<meta name=\"robots\" content=\"index, follow, max-snippet:-1, max-image-preview:large, max-video-preview:-1\" \/>\n<link rel=\"canonical\" href=\"https:\/\/agroznegocios.com.br\/index.php\/2025\/08\/06\/india-projeta-forte-alta-na-producao-de-acucar-para-2025-26\/\" \/>\n<meta property=\"og:locale\" content=\"pt_BR\" \/>\n<meta property=\"og:type\" content=\"article\" \/>\n<meta property=\"og:title\" content=\"\u00cdndia projeta forte alta na produ\u00e7\u00e3o de a\u00e7\u00facar para 2025\/26\" \/>\n<meta property=\"og:description\" content=\"Segundo a Associa\u00e7\u00e3o Indiana de Fabricantes de A\u00e7\u00facar e Bioenergia (ISMA), a produ\u00e7\u00e3o l\u00edquida de a\u00e7\u00facar da \u00cdndia pode alcan\u00e7ar 30 milh\u00f5es de toneladas na safra 2025\/26, um salto significativo em rela\u00e7\u00e3o \u00e0s 26,1 milh\u00f5es de toneladas da safra anterior. A previs\u00e3o refor\u00e7a o potencial de recupera\u00e7\u00e3o da produ\u00e7\u00e3o indiana, impulsionada por melhores condi\u00e7\u00f5es clim\u00e1ticas [&hellip;]\" \/>\n<meta property=\"og:url\" content=\"https:\/\/agroznegocios.com.br\/index.php\/2025\/08\/06\/india-projeta-forte-alta-na-producao-de-acucar-para-2025-26\/\" \/>\n<meta property=\"og:site_name\" content=\"AgroZ\" \/>\n<meta property=\"article:published_time\" content=\"2025-08-06T17:25:43+00:00\" \/>\n<meta property=\"og:image\" content=\"https:\/\/agroznegocios.com.br\/wp-content\/uploads\/2025\/08\/IMG_9279-scaled.jpeg\" \/>\n\t<meta property=\"og:image:width\" content=\"2560\" \/>\n\t<meta property=\"og:image:height\" content=\"1707\" \/>\n\t<meta property=\"og:image:type\" content=\"image\/jpeg\" \/>\n<meta name=\"author\" content=\"Amanda Soares\" \/>\n<meta name=\"twitter:card\" content=\"summary_large_image\" \/>\n<meta name=\"twitter:label1\" content=\"Escrito por\" \/>\n\t<meta name=\"twitter:data1\" content=\"Amanda Soares\" \/>\n\t<meta name=\"twitter:label2\" content=\"Est. tempo de leitura\" \/>\n\t<meta name=\"twitter:data2\" content=\"1 minuto\" \/>\n<script type=\"application\/ld+json\" class=\"yoast-schema-graph\">{\"@context\":\"https:\/\/schema.org\",\"@graph\":[{\"@type\":\"Article\",\"@id\":\"https:\/\/agroznegocios.com.br\/index.php\/2025\/08\/06\/india-projeta-forte-alta-na-producao-de-acucar-para-2025-26\/#article\",\"isPartOf\":{\"@id\":\"https:\/\/agroznegocios.com.br\/index.php\/2025\/08\/06\/india-projeta-forte-alta-na-producao-de-acucar-para-2025-26\/\"},\"author\":{\"name\":\"Amanda Soares\",\"@id\":\"https:\/\/agroznegocios.com.br\/#\/schema\/person\/a66571c4d43714e892caf019bf640b44\"},\"headline\":\"\u00cdndia projeta forte alta na produ\u00e7\u00e3o de a\u00e7\u00facar para 2025\/26\",\"datePublished\":\"2025-08-06T17:25:43+00:00\",\"mainEntityOfPage\":{\"@id\":\"https:\/\/agroznegocios.com.br\/index.php\/2025\/08\/06\/india-projeta-forte-alta-na-producao-de-acucar-para-2025-26\/\"},\"wordCount\":161,\"commentCount\":0,\"publisher\":{\"@id\":\"https:\/\/agroznegocios.com.br\/#organization\"},\"image\":{\"@id\":\"https:\/\/agroznegocios.com.br\/index.php\/2025\/08\/06\/india-projeta-forte-alta-na-producao-de-acucar-para-2025-26\/#primaryimage\"},\"thumbnailUrl\":\"https:\/\/agroznegocios.com.br\/wp-content\/uploads\/2025\/08\/IMG_9279-scaled.jpeg\",\"articleSection\":[\"Blog\"],\"inLanguage\":\"pt-BR\",\"potentialAction\":[{\"@type\":\"CommentAction\",\"name\":\"Comment\",\"target\":[\"https:\/\/agroznegocios.com.br\/index.php\/2025\/08\/06\/india-projeta-forte-alta-na-producao-de-acucar-para-2025-26\/#respond\"]}]},{\"@type\":\"WebPage\",\"@id\":\"https:\/\/agroznegocios.com.br\/index.php\/2025\/08\/06\/india-projeta-forte-alta-na-producao-de-acucar-para-2025-26\/\",\"url\":\"https:\/\/agroznegocios.com.br\/index.php\/2025\/08\/06\/india-projeta-forte-alta-na-producao-de-acucar-para-2025-26\/\",\"name\":\"\u00cdndia projeta forte alta na produ\u00e7\u00e3o de a\u00e7\u00facar para 2025\/26 - AgroZ\",\"isPartOf\":{\"@id\":\"https:\/\/agroznegocios.com.br\/#website\"},\"primaryImageOfPage\":{\"@id\":\"https:\/\/agroznegocios.com.br\/index.php\/2025\/08\/06\/india-projeta-forte-alta-na-producao-de-acucar-para-2025-26\/#primaryimage\"},\"image\":{\"@id\":\"https:\/\/agroznegocios.com.br\/index.php\/2025\/08\/06\/india-projeta-forte-alta-na-producao-de-acucar-para-2025-26\/#primaryimage\"},\"thumbnailUrl\":\"https:\/\/agroznegocios.com.br\/wp-content\/uploads\/2025\/08\/IMG_9279-scaled.jpeg\",\"datePublished\":\"2025-08-06T17:25:43+00:00\",\"breadcrumb\":{\"@id\":\"https:\/\/agroznegocios.com.br\/index.php\/2025\/08\/06\/india-projeta-forte-alta-na-producao-de-acucar-para-2025-26\/#breadcrumb\"},\"inLanguage\":\"pt-BR\",\"potentialAction\":[{\"@type\":\"ReadAction\",\"target\":[\"https:\/\/agroznegocios.com.br\/index.php\/2025\/08\/06\/india-projeta-forte-alta-na-producao-de-acucar-para-2025-26\/\"]}]},{\"@type\":\"ImageObject\",\"inLanguage\":\"pt-BR\",\"@id\":\"https:\/\/agroznegocios.com.br\/index.php\/2025\/08\/06\/india-projeta-forte-alta-na-producao-de-acucar-para-2025-26\/#primaryimage\",\"url\":\"https:\/\/agroznegocios.com.br\/wp-content\/uploads\/2025\/08\/IMG_9279-scaled.jpeg\",\"contentUrl\":\"https:\/\/agroznegocios.com.br\/wp-content\/uploads\/2025\/08\/IMG_9279-scaled.jpeg\",\"width\":2560,\"height\":1707,\"caption\":\"Flag of India\"},{\"@type\":\"BreadcrumbList\",\"@id\":\"https:\/\/agroznegocios.com.br\/index.php\/2025\/08\/06\/india-projeta-forte-alta-na-producao-de-acucar-para-2025-26\/#breadcrumb\",\"itemListElement\":[{\"@type\":\"ListItem\",\"position\":1,\"name\":\"Home\",\"item\":\"https:\/\/agroznegocios.com.br\/\"},{\"@type\":\"ListItem\",\"position\":2,\"name\":\"\u00cdndia projeta forte alta na produ\u00e7\u00e3o de a\u00e7\u00facar para 2025\/26\"}]},{\"@type\":\"WebSite\",\"@id\":\"https:\/\/agroznegocios.com.br\/#website\",\"url\":\"https:\/\/agroznegocios.com.br\/\",\"name\":\"AgroZ\",\"description\":\"\",\"publisher\":{\"@id\":\"https:\/\/agroznegocios.com.br\/#organization\"},\"potentialAction\":[{\"@type\":\"SearchAction\",\"target\":{\"@type\":\"EntryPoint\",\"urlTemplate\":\"https:\/\/agroznegocios.com.br\/?s={search_term_string}\"},\"query-input\":{\"@type\":\"PropertyValueSpecification\",\"valueRequired\":true,\"valueName\":\"search_term_string\"}}],\"inLanguage\":\"pt-BR\"},{\"@type\":\"Organization\",\"@id\":\"https:\/\/agroznegocios.com.br\/#organization\",\"name\":\"AgroZ Neg\u00f3cios\",\"url\":\"https:\/\/agroznegocios.com.br\/\",\"logo\":{\"@type\":\"ImageObject\",\"inLanguage\":\"pt-BR\",\"@id\":\"https:\/\/agroznegocios.com.br\/#\/schema\/logo\/image\/\",\"url\":\"https:\/\/agroznegocios.com.br\/wp-content\/uploads\/2024\/03\/logAgroZ_Branca-1.png\",\"contentUrl\":\"https:\/\/agroznegocios.com.br\/wp-content\/uploads\/2024\/03\/logAgroZ_Branca-1.png\",\"width\":1600,\"height\":540,\"caption\":\"AgroZ Neg\u00f3cios\"},\"image\":{\"@id\":\"https:\/\/agroznegocios.com.br\/#\/schema\/logo\/image\/\"},\"sameAs\":[\"https:\/\/www.instagram.com\/agroznegocios\/\"]},{\"@type\":\"Person\",\"@id\":\"https:\/\/agroznegocios.com.br\/#\/schema\/person\/a66571c4d43714e892caf019bf640b44\",\"name\":\"Amanda Soares\",\"image\":{\"@type\":\"ImageObject\",\"inLanguage\":\"pt-BR\",\"@id\":\"https:\/\/agroznegocios.com.br\/#\/schema\/person\/image\/\",\"url\":\"https:\/\/secure.gravatar.com\/avatar\/f597454e94439602a1fe9f639995a2d9d528adfc47843ec91d8f3c14f0fec7d8?s=96&d=mm&r=g\",\"contentUrl\":\"https:\/\/secure.gravatar.com\/avatar\/f597454e94439602a1fe9f639995a2d9d528adfc47843ec91d8f3c14f0fec7d8?s=96&d=mm&r=g\",\"caption\":\"Amanda Soares\"},\"sameAs\":[\"https:\/\/www.instagram.com\/mandocsoares\/\"],\"url\":\"https:\/\/agroznegocios.com.br\/index.php\/author\/amanda\/\"}]}<\/script>\n<!-- \/ Yoast SEO Premium plugin. -->","yoast_head_json":{"title":"\u00cdndia projeta forte alta na produ\u00e7\u00e3o de a\u00e7\u00facar para 2025\/26 - AgroZ","robots":{"index":"index","follow":"follow","max-snippet":"max-snippet:-1","max-image-preview":"max-image-preview:large","max-video-preview":"max-video-preview:-1"},"canonical":"https:\/\/agroznegocios.com.br\/index.php\/2025\/08\/06\/india-projeta-forte-alta-na-producao-de-acucar-para-2025-26\/","og_locale":"pt_BR","og_type":"article","og_title":"\u00cdndia projeta forte alta na produ\u00e7\u00e3o de a\u00e7\u00facar para 2025\/26","og_description":"Segundo a Associa\u00e7\u00e3o Indiana de Fabricantes de A\u00e7\u00facar e Bioenergia (ISMA), a produ\u00e7\u00e3o l\u00edquida de a\u00e7\u00facar da \u00cdndia pode alcan\u00e7ar 30 milh\u00f5es de toneladas na safra 2025\/26, um salto significativo em rela\u00e7\u00e3o \u00e0s 26,1 milh\u00f5es de toneladas da safra anterior. A previs\u00e3o refor\u00e7a o potencial de recupera\u00e7\u00e3o da produ\u00e7\u00e3o indiana, impulsionada por melhores condi\u00e7\u00f5es clim\u00e1ticas [&hellip;]","og_url":"https:\/\/agroznegocios.com.br\/index.php\/2025\/08\/06\/india-projeta-forte-alta-na-producao-de-acucar-para-2025-26\/","og_site_name":"AgroZ","article_published_time":"2025-08-06T17:25:43+00:00","og_image":[{"width":2560,"height":1707,"url":"https:\/\/agroznegocios.com.br\/wp-content\/uploads\/2025\/08\/IMG_9279-scaled.jpeg","type":"image\/jpeg"}],"author":"Amanda Soares","twitter_card":"summary_large_image","twitter_misc":{"Escrito por":"Amanda Soares","Est. tempo de leitura":"1 minuto"},"schema":{"@context":"https:\/\/schema.org","@graph":[{"@type":"Article","@id":"https:\/\/agroznegocios.com.br\/index.php\/2025\/08\/06\/india-projeta-forte-alta-na-producao-de-acucar-para-2025-26\/#article","isPartOf":{"@id":"https:\/\/agroznegocios.com.br\/index.php\/2025\/08\/06\/india-projeta-forte-alta-na-producao-de-acucar-para-2025-26\/"},"author":{"name":"Amanda Soares","@id":"https:\/\/agroznegocios.com.br\/#\/schema\/person\/a66571c4d43714e892caf019bf640b44"},"headline":"\u00cdndia projeta forte alta na produ\u00e7\u00e3o de a\u00e7\u00facar para 2025\/26","datePublished":"2025-08-06T17:25:43+00:00","mainEntityOfPage":{"@id":"https:\/\/agroznegocios.com.br\/index.php\/2025\/08\/06\/india-projeta-forte-alta-na-producao-de-acucar-para-2025-26\/"},"wordCount":161,"commentCount":0,"publisher":{"@id":"https:\/\/agroznegocios.com.br\/#organization"},"image":{"@id":"https:\/\/agroznegocios.com.br\/index.php\/2025\/08\/06\/india-projeta-forte-alta-na-producao-de-acucar-para-2025-26\/#primaryimage"},"thumbnailUrl":"https:\/\/agroznegocios.com.br\/wp-content\/uploads\/2025\/08\/IMG_9279-scaled.jpeg","articleSection":["Blog"],"inLanguage":"pt-BR","potentialAction":[{"@type":"CommentAction","name":"Comment","target":["https:\/\/agroznegocios.com.br\/index.php\/2025\/08\/06\/india-projeta-forte-alta-na-producao-de-acucar-para-2025-26\/#respond"]}]},{"@type":"WebPage","@id":"https:\/\/agroznegocios.com.br\/index.php\/2025\/08\/06\/india-projeta-forte-alta-na-producao-de-acucar-para-2025-26\/","url":"https:\/\/agroznegocios.com.br\/index.php\/2025\/08\/06\/india-projeta-forte-alta-na-producao-de-acucar-para-2025-26\/","name":"\u00cdndia projeta forte alta na produ\u00e7\u00e3o de a\u00e7\u00facar para 2025\/26 - AgroZ","isPartOf":{"@id":"https:\/\/agroznegocios.com.br\/#website"},"primaryImageOfPage":{"@id":"https:\/\/agroznegocios.com.br\/index.php\/2025\/08\/06\/india-projeta-forte-alta-na-producao-de-acucar-para-2025-26\/#primaryimage"},"image":{"@id":"https:\/\/agroznegocios.com.br\/index.php\/2025\/08\/06\/india-projeta-forte-alta-na-producao-de-acucar-para-2025-26\/#primaryimage"},"thumbnailUrl":"https:\/\/agroznegocios.com.br\/wp-content\/uploads\/2025\/08\/IMG_9279-scaled.jpeg","datePublished":"2025-08-06T17:25:43+00:00","breadcrumb":{"@id":"https:\/\/agroznegocios.com.br\/index.php\/2025\/08\/06\/india-projeta-forte-alta-na-producao-de-acucar-para-2025-26\/#breadcrumb"},"inLanguage":"pt-BR","potentialAction":[{"@type":"ReadAction","target":["https:\/\/agroznegocios.com.br\/index.php\/2025\/08\/06\/india-projeta-forte-alta-na-producao-de-acucar-para-2025-26\/"]}]},{"@type":"ImageObject","inLanguage":"pt-BR","@id":"https:\/\/agroznegocios.com.br\/index.php\/2025\/08\/06\/india-projeta-forte-alta-na-producao-de-acucar-para-2025-26\/#primaryimage","url":"https:\/\/agroznegocios.com.br\/wp-content\/uploads\/2025\/08\/IMG_9279-scaled.jpeg","contentUrl":"https:\/\/agroznegocios.com.br\/wp-content\/uploads\/2025\/08\/IMG_9279-scaled.jpeg","width":2560,"height":1707,"caption":"Flag of India"},{"@type":"BreadcrumbList","@id":"https:\/\/agroznegocios.com.br\/index.php\/2025\/08\/06\/india-projeta-forte-alta-na-producao-de-acucar-para-2025-26\/#breadcrumb","itemListElement":[{"@type":"ListItem","position":1,"name":"Home","item":"https:\/\/agroznegocios.com.br\/"},{"@type":"ListItem","position":2,"name":"\u00cdndia projeta forte alta na produ\u00e7\u00e3o de a\u00e7\u00facar para 2025\/26"}]},{"@type":"WebSite","@id":"https:\/\/agroznegocios.com.br\/#website","url":"https:\/\/agroznegocios.com.br\/","name":"AgroZ","description":"","publisher":{"@id":"https:\/\/agroznegocios.com.br\/#organization"},"potentialAction":[{"@type":"SearchAction","target":{"@type":"EntryPoint","urlTemplate":"https:\/\/agroznegocios.com.br\/?s={search_term_string}"},"query-input":{"@type":"PropertyValueSpecification","valueRequired":true,"valueName":"search_term_string"}}],"inLanguage":"pt-BR"},{"@type":"Organization","@id":"https:\/\/agroznegocios.com.br\/#organization","name":"AgroZ Neg\u00f3cios","url":"https:\/\/agroznegocios.com.br\/","logo":{"@type":"ImageObject","inLanguage":"pt-BR","@id":"https:\/\/agroznegocios.com.br\/#\/schema\/logo\/image\/","url":"https:\/\/agroznegocios.com.br\/wp-content\/uploads\/2024\/03\/logAgroZ_Branca-1.png","contentUrl":"https:\/\/agroznegocios.com.br\/wp-content\/uploads\/2024\/03\/logAgroZ_Branca-1.png","width":1600,"height":540,"caption":"AgroZ Neg\u00f3cios"},"image":{"@id":"https:\/\/agroznegocios.com.br\/#\/schema\/logo\/image\/"},"sameAs":["https:\/\/www.instagram.com\/agroznegocios\/"]},{"@type":"Person","@id":"https:\/\/agroznegocios.com.br\/#\/schema\/person\/a66571c4d43714e892caf019bf640b44","name":"Amanda Soares","image":{"@type":"ImageObject","inLanguage":"pt-BR","@id":"https:\/\/agroznegocios.com.br\/#\/schema\/person\/image\/","url":"https:\/\/secure.gravatar.com\/avatar\/f597454e94439602a1fe9f639995a2d9d528adfc47843ec91d8f3c14f0fec7d8?s=96&d=mm&r=g","contentUrl":"https:\/\/secure.gravatar.com\/avatar\/f597454e94439602a1fe9f639995a2d9d528adfc47843ec91d8f3c14f0fec7d8?s=96&d=mm&r=g","caption":"Amanda Soares"},"sameAs":["https:\/\/www.instagram.com\/mandocsoares\/"],"url":"https:\/\/agroznegocios.com.br\/index.php\/author\/amanda\/"}]}},"_links":{"self":[{"href":"https:\/\/agroznegocios.com.br\/index.php\/wp-json\/wp\/v2\/posts\/1259","targetHints":{"allow":["GET"]}}],"collection":[{"href":"https:\/\/agroznegocios.com.br\/index.php\/wp-json\/wp\/v2\/posts"}],"about":[{"href":"https:\/\/agroznegocios.com.br\/index.php\/wp-json\/wp\/v2\/types\/post"}],"author":[{"embeddable":true,"href":"https:\/\/agroznegocios.com.br\/index.php\/wp-json\/wp\/v2\/users\/3"}],"replies":[{"embeddable":true,"href":"https:\/\/agroznegocios.com.br\/index.php\/wp-json\/wp\/v2\/comments?post=1259"}],"version-history":[{"count":1,"href":"https:\/\/agroznegocios.com.br\/index.php\/wp-json\/wp\/v2\/posts\/1259\/revisions"}],"predecessor-version":[{"id":1261,"href":"https:\/\/agroznegocios.com.br\/index.php\/wp-json\/wp\/v2\/posts\/1259\/revisions\/1261"}],"wp:featuredmedia":[{"embeddable":true,"href":"https:\/\/agroznegocios.com.br\/index.php\/wp-json\/wp\/v2\/media\/1260"}],"wp:attachment":[{"href":"https:\/\/agroznegocios.com.br\/index.php\/wp-json\/wp\/v2\/media?parent=1259"}],"wp:term":[{"taxonomy":"category","embeddable":true,"href":"https:\/\/agroznegocios.com.br\/index.php\/wp-json\/wp\/v2\/categories?post=1259"},{"taxonomy":"post_tag","embeddable":true,"href":"https:\/\/agroznegocios.com.br\/index.php\/wp-json\/wp\/v2\/tags?post=1259"}],"curies":[{"name":"wp","href":"https:\/\/api.w.org\/{rel}","templated":true}]}}