{"id":1238,"date":"2025-07-16T11:40:15","date_gmt":"2025-07-16T14:40:15","guid":{"rendered":"https:\/\/agroznegocios.com.br\/?p=1238"},"modified":"2025-07-16T11:40:15","modified_gmt":"2025-07-16T14:40:15","slug":"soja-em-foco-queda-no-mercado-externo-e-tensao-com-os-eua-reacendem-alerta-no-brasil","status":"publish","type":"post","link":"https:\/\/agroznegocios.com.br\/index.php\/2025\/07\/16\/soja-em-foco-queda-no-mercado-externo-e-tensao-com-os-eua-reacendem-alerta-no-brasil\/","title":{"rendered":"Soja em foco: queda no mercado externo e tens\u00e3o com os EUA reacendem alerta no Brasil"},"content":{"rendered":"<div>Os pre\u00e7os internacionais da soja recuaram mais uma vez, pressionados por estoques elevados\u00a0no Brasil e na Argentina, al\u00e9m de boas condi\u00e7\u00f5es clim\u00e1ticas nos EUA. Mas o que realmente chamou a aten\u00e7\u00e3o do setor foi o an\u00fancio de tarifas comerciais entre os EUA e outros pa\u00edses, incluindo o Brasil, com in\u00edcio previsto para 1\u00ba de agosto.<\/div>\n<div><\/div>\n<div><b>E o que isso significa para o Brasil?<\/b><\/div>\n<div><\/div>\n<div>Apesar da press\u00e3o internacional, a valoriza\u00e7\u00e3o do d\u00f3lar\u00a0e a reconfigura\u00e7\u00e3o nas rotas de com\u00e9rcio\u00a0podem favorecer o Brasil como alternativa para a demanda global. O produtor brasileiro deve ficar atento: o cen\u00e1rio \u00e9 desafiador, mas tamb\u00e9m pode abrir oportunidades\u00a0em meio \u00e0 tens\u00e3o.<\/div>\n<div><\/div>\n<div>Fonte: AgroLink (<a href=\"https:\/\/www.agrolink.com.br\/culturas\/soja\/noticia\/soja--queda-no-mercado-externo-e-tensao-comercial-com-eua-elevam-atencao-no-brasil_503875.html\" target=\"_blank\" rel=\"noopener\" data-saferedirecturl=\"https:\/\/www.google.com\/url?q=https:\/\/www.agrolink.com.br\/culturas\/soja\/noticia\/soja--queda-no-mercado-externo-e-tensao-comercial-com-eua-elevam-atencao-no-brasil_503875.html&amp;source=gmail&amp;ust=1752762767437000&amp;usg=AOvVaw3mR7ok0gEe_DSt6RUOK1IV\">https:\/\/www.agrolink.com.br\/<wbr \/>culturas\/soja\/noticia\/soja&#8211;<wbr \/>queda-no-mercado-externo-e-<wbr \/>tensao-comercial-com-eua-<wbr \/>elevam-atencao-no-brasil_<wbr \/>503875.html<\/a>)<\/div>\n","protected":false},"excerpt":{"rendered":"<p>Os pre\u00e7os internacionais da soja recuaram mais uma vez, pressionados por estoques elevados\u00a0no Brasil e na Argentina, al\u00e9m de boas condi\u00e7\u00f5es clim\u00e1ticas nos EUA. Mas o que realmente chamou a aten\u00e7\u00e3o do setor foi o an\u00fancio de tarifas comerciais entre os EUA e outros pa\u00edses, incluindo o Brasil, com in\u00edcio previsto para 1\u00ba de agosto. [&hellip;]<\/p>\n","protected":false},"author":3,"featured_media":1239,"comment_status":"open","ping_status":"open","sticky":false,"template":"","format":"standard","meta":{"footnotes":""},"categories":[1],"tags":[],"class_list":["post-1238","post","type-post","status-publish","format-standard","has-post-thumbnail","hentry","category-blog"],"yoast_head":"<!-- This site is optimized with the Yoast SEO Premium plugin v24.6 (Yoast SEO v24.6) - https:\/\/yoast.com\/wordpress\/plugins\/seo\/ -->\n<title>Soja em foco: queda no mercado externo e tens\u00e3o com os EUA reacendem alerta no Brasil - AgroZ<\/title>\n<meta name=\"robots\" content=\"index, follow, max-snippet:-1, max-image-preview:large, max-video-preview:-1\" \/>\n<link rel=\"canonical\" href=\"https:\/\/agroznegocios.com.br\/index.php\/2025\/07\/16\/soja-em-foco-queda-no-mercado-externo-e-tensao-com-os-eua-reacendem-alerta-no-brasil\/\" \/>\n<meta property=\"og:locale\" content=\"pt_BR\" \/>\n<meta property=\"og:type\" content=\"article\" \/>\n<meta property=\"og:title\" content=\"Soja em foco: queda no mercado externo e tens\u00e3o com os EUA reacendem alerta no Brasil\" \/>\n<meta property=\"og:description\" content=\"Os pre\u00e7os internacionais da soja recuaram mais uma vez, pressionados por estoques elevados\u00a0no Brasil e na Argentina, al\u00e9m de boas condi\u00e7\u00f5es clim\u00e1ticas nos EUA. Mas o que realmente chamou a aten\u00e7\u00e3o do setor foi o an\u00fancio de tarifas comerciais entre os EUA e outros pa\u00edses, incluindo o Brasil, com in\u00edcio previsto para 1\u00ba de agosto. [&hellip;]\" \/>\n<meta property=\"og:url\" content=\"https:\/\/agroznegocios.com.br\/index.php\/2025\/07\/16\/soja-em-foco-queda-no-mercado-externo-e-tensao-com-os-eua-reacendem-alerta-no-brasil\/\" \/>\n<meta property=\"og:site_name\" content=\"AgroZ\" \/>\n<meta property=\"article:published_time\" content=\"2025-07-16T14:40:15+00:00\" \/>\n<meta property=\"og:image\" content=\"https:\/\/agroznegocios.com.br\/wp-content\/uploads\/2025\/07\/moedas-empilhadas-na-terra-com-plantas-scaled.jpg\" \/>\n\t<meta property=\"og:image:width\" content=\"2560\" \/>\n\t<meta property=\"og:image:height\" content=\"1707\" \/>\n\t<meta property=\"og:image:type\" content=\"image\/jpeg\" \/>\n<meta name=\"author\" content=\"Amanda Soares\" \/>\n<meta name=\"twitter:card\" content=\"summary_large_image\" \/>\n<meta name=\"twitter:label1\" content=\"Escrito por\" \/>\n\t<meta name=\"twitter:data1\" content=\"Amanda Soares\" \/>\n\t<meta name=\"twitter:label2\" content=\"Est. tempo de leitura\" \/>\n\t<meta name=\"twitter:data2\" content=\"1 minuto\" \/>\n<script type=\"application\/ld+json\" class=\"yoast-schema-graph\">{\"@context\":\"https:\/\/schema.org\",\"@graph\":[{\"@type\":\"Article\",\"@id\":\"https:\/\/agroznegocios.com.br\/index.php\/2025\/07\/16\/soja-em-foco-queda-no-mercado-externo-e-tensao-com-os-eua-reacendem-alerta-no-brasil\/#article\",\"isPartOf\":{\"@id\":\"https:\/\/agroznegocios.com.br\/index.php\/2025\/07\/16\/soja-em-foco-queda-no-mercado-externo-e-tensao-com-os-eua-reacendem-alerta-no-brasil\/\"},\"author\":{\"name\":\"Amanda Soares\",\"@id\":\"https:\/\/agroznegocios.com.br\/#\/schema\/person\/a66571c4d43714e892caf019bf640b44\"},\"headline\":\"Soja em foco: queda no mercado externo e tens\u00e3o com os EUA reacendem alerta no Brasil\",\"datePublished\":\"2025-07-16T14:40:15+00:00\",\"mainEntityOfPage\":{\"@id\":\"https:\/\/agroznegocios.com.br\/index.php\/2025\/07\/16\/soja-em-foco-queda-no-mercado-externo-e-tensao-com-os-eua-reacendem-alerta-no-brasil\/\"},\"wordCount\":150,\"commentCount\":0,\"publisher\":{\"@id\":\"https:\/\/agroznegocios.com.br\/#organization\"},\"image\":{\"@id\":\"https:\/\/agroznegocios.com.br\/index.php\/2025\/07\/16\/soja-em-foco-queda-no-mercado-externo-e-tensao-com-os-eua-reacendem-alerta-no-brasil\/#primaryimage\"},\"thumbnailUrl\":\"https:\/\/agroznegocios.com.br\/wp-content\/uploads\/2025\/07\/moedas-empilhadas-na-terra-com-plantas-scaled.jpg\",\"articleSection\":[\"Blog\"],\"inLanguage\":\"pt-BR\",\"potentialAction\":[{\"@type\":\"CommentAction\",\"name\":\"Comment\",\"target\":[\"https:\/\/agroznegocios.com.br\/index.php\/2025\/07\/16\/soja-em-foco-queda-no-mercado-externo-e-tensao-com-os-eua-reacendem-alerta-no-brasil\/#respond\"]}]},{\"@type\":\"WebPage\",\"@id\":\"https:\/\/agroznegocios.com.br\/index.php\/2025\/07\/16\/soja-em-foco-queda-no-mercado-externo-e-tensao-com-os-eua-reacendem-alerta-no-brasil\/\",\"url\":\"https:\/\/agroznegocios.com.br\/index.php\/2025\/07\/16\/soja-em-foco-queda-no-mercado-externo-e-tensao-com-os-eua-reacendem-alerta-no-brasil\/\",\"name\":\"Soja em foco: queda no mercado externo e tens\u00e3o com os EUA reacendem alerta no Brasil - AgroZ\",\"isPartOf\":{\"@id\":\"https:\/\/agroznegocios.com.br\/#website\"},\"primaryImageOfPage\":{\"@id\":\"https:\/\/agroznegocios.com.br\/index.php\/2025\/07\/16\/soja-em-foco-queda-no-mercado-externo-e-tensao-com-os-eua-reacendem-alerta-no-brasil\/#primaryimage\"},\"image\":{\"@id\":\"https:\/\/agroznegocios.com.br\/index.php\/2025\/07\/16\/soja-em-foco-queda-no-mercado-externo-e-tensao-com-os-eua-reacendem-alerta-no-brasil\/#primaryimage\"},\"thumbnailUrl\":\"https:\/\/agroznegocios.com.br\/wp-content\/uploads\/2025\/07\/moedas-empilhadas-na-terra-com-plantas-scaled.jpg\",\"datePublished\":\"2025-07-16T14:40:15+00:00\",\"breadcrumb\":{\"@id\":\"https:\/\/agroznegocios.com.br\/index.php\/2025\/07\/16\/soja-em-foco-queda-no-mercado-externo-e-tensao-com-os-eua-reacendem-alerta-no-brasil\/#breadcrumb\"},\"inLanguage\":\"pt-BR\",\"potentialAction\":[{\"@type\":\"ReadAction\",\"target\":[\"https:\/\/agroznegocios.com.br\/index.php\/2025\/07\/16\/soja-em-foco-queda-no-mercado-externo-e-tensao-com-os-eua-reacendem-alerta-no-brasil\/\"]}]},{\"@type\":\"ImageObject\",\"inLanguage\":\"pt-BR\",\"@id\":\"https:\/\/agroznegocios.com.br\/index.php\/2025\/07\/16\/soja-em-foco-queda-no-mercado-externo-e-tensao-com-os-eua-reacendem-alerta-no-brasil\/#primaryimage\",\"url\":\"https:\/\/agroznegocios.com.br\/wp-content\/uploads\/2025\/07\/moedas-empilhadas-na-terra-com-plantas-scaled.jpg\",\"contentUrl\":\"https:\/\/agroznegocios.com.br\/wp-content\/uploads\/2025\/07\/moedas-empilhadas-na-terra-com-plantas-scaled.jpg\",\"width\":2560,\"height\":1707},{\"@type\":\"BreadcrumbList\",\"@id\":\"https:\/\/agroznegocios.com.br\/index.php\/2025\/07\/16\/soja-em-foco-queda-no-mercado-externo-e-tensao-com-os-eua-reacendem-alerta-no-brasil\/#breadcrumb\",\"itemListElement\":[{\"@type\":\"ListItem\",\"position\":1,\"name\":\"Home\",\"item\":\"https:\/\/agroznegocios.com.br\/\"},{\"@type\":\"ListItem\",\"position\":2,\"name\":\"Soja em foco: queda no mercado externo e tens\u00e3o com os EUA reacendem alerta no Brasil\"}]},{\"@type\":\"WebSite\",\"@id\":\"https:\/\/agroznegocios.com.br\/#website\",\"url\":\"https:\/\/agroznegocios.com.br\/\",\"name\":\"AgroZ\",\"description\":\"\",\"publisher\":{\"@id\":\"https:\/\/agroznegocios.com.br\/#organization\"},\"potentialAction\":[{\"@type\":\"SearchAction\",\"target\":{\"@type\":\"EntryPoint\",\"urlTemplate\":\"https:\/\/agroznegocios.com.br\/?s={search_term_string}\"},\"query-input\":{\"@type\":\"PropertyValueSpecification\",\"valueRequired\":true,\"valueName\":\"search_term_string\"}}],\"inLanguage\":\"pt-BR\"},{\"@type\":\"Organization\",\"@id\":\"https:\/\/agroznegocios.com.br\/#organization\",\"name\":\"AgroZ Neg\u00f3cios\",\"url\":\"https:\/\/agroznegocios.com.br\/\",\"logo\":{\"@type\":\"ImageObject\",\"inLanguage\":\"pt-BR\",\"@id\":\"https:\/\/agroznegocios.com.br\/#\/schema\/logo\/image\/\",\"url\":\"https:\/\/agroznegocios.com.br\/wp-content\/uploads\/2024\/03\/logAgroZ_Branca-1.png\",\"contentUrl\":\"https:\/\/agroznegocios.com.br\/wp-content\/uploads\/2024\/03\/logAgroZ_Branca-1.png\",\"width\":1600,\"height\":540,\"caption\":\"AgroZ Neg\u00f3cios\"},\"image\":{\"@id\":\"https:\/\/agroznegocios.com.br\/#\/schema\/logo\/image\/\"},\"sameAs\":[\"https:\/\/www.instagram.com\/agroznegocios\/\"]},{\"@type\":\"Person\",\"@id\":\"https:\/\/agroznegocios.com.br\/#\/schema\/person\/a66571c4d43714e892caf019bf640b44\",\"name\":\"Amanda Soares\",\"image\":{\"@type\":\"ImageObject\",\"inLanguage\":\"pt-BR\",\"@id\":\"https:\/\/agroznegocios.com.br\/#\/schema\/person\/image\/\",\"url\":\"https:\/\/secure.gravatar.com\/avatar\/f597454e94439602a1fe9f639995a2d9d528adfc47843ec91d8f3c14f0fec7d8?s=96&d=mm&r=g\",\"contentUrl\":\"https:\/\/secure.gravatar.com\/avatar\/f597454e94439602a1fe9f639995a2d9d528adfc47843ec91d8f3c14f0fec7d8?s=96&d=mm&r=g\",\"caption\":\"Amanda Soares\"},\"sameAs\":[\"https:\/\/www.instagram.com\/mandocsoares\/\"],\"url\":\"https:\/\/agroznegocios.com.br\/index.php\/author\/amanda\/\"}]}<\/script>\n<!-- \/ Yoast SEO Premium plugin. -->","yoast_head_json":{"title":"Soja em foco: queda no mercado externo e tens\u00e3o com os EUA reacendem alerta no Brasil - AgroZ","robots":{"index":"index","follow":"follow","max-snippet":"max-snippet:-1","max-image-preview":"max-image-preview:large","max-video-preview":"max-video-preview:-1"},"canonical":"https:\/\/agroznegocios.com.br\/index.php\/2025\/07\/16\/soja-em-foco-queda-no-mercado-externo-e-tensao-com-os-eua-reacendem-alerta-no-brasil\/","og_locale":"pt_BR","og_type":"article","og_title":"Soja em foco: queda no mercado externo e tens\u00e3o com os EUA reacendem alerta no Brasil","og_description":"Os pre\u00e7os internacionais da soja recuaram mais uma vez, pressionados por estoques elevados\u00a0no Brasil e na Argentina, al\u00e9m de boas condi\u00e7\u00f5es clim\u00e1ticas nos EUA. Mas o que realmente chamou a aten\u00e7\u00e3o do setor foi o an\u00fancio de tarifas comerciais entre os EUA e outros pa\u00edses, incluindo o Brasil, com in\u00edcio previsto para 1\u00ba de agosto. [&hellip;]","og_url":"https:\/\/agroznegocios.com.br\/index.php\/2025\/07\/16\/soja-em-foco-queda-no-mercado-externo-e-tensao-com-os-eua-reacendem-alerta-no-brasil\/","og_site_name":"AgroZ","article_published_time":"2025-07-16T14:40:15+00:00","og_image":[{"width":2560,"height":1707,"url":"https:\/\/agroznegocios.com.br\/wp-content\/uploads\/2025\/07\/moedas-empilhadas-na-terra-com-plantas-scaled.jpg","type":"image\/jpeg"}],"author":"Amanda Soares","twitter_card":"summary_large_image","twitter_misc":{"Escrito por":"Amanda Soares","Est. tempo de leitura":"1 minuto"},"schema":{"@context":"https:\/\/schema.org","@graph":[{"@type":"Article","@id":"https:\/\/agroznegocios.com.br\/index.php\/2025\/07\/16\/soja-em-foco-queda-no-mercado-externo-e-tensao-com-os-eua-reacendem-alerta-no-brasil\/#article","isPartOf":{"@id":"https:\/\/agroznegocios.com.br\/index.php\/2025\/07\/16\/soja-em-foco-queda-no-mercado-externo-e-tensao-com-os-eua-reacendem-alerta-no-brasil\/"},"author":{"name":"Amanda Soares","@id":"https:\/\/agroznegocios.com.br\/#\/schema\/person\/a66571c4d43714e892caf019bf640b44"},"headline":"Soja em foco: queda no mercado externo e tens\u00e3o com os EUA reacendem alerta no Brasil","datePublished":"2025-07-16T14:40:15+00:00","mainEntityOfPage":{"@id":"https:\/\/agroznegocios.com.br\/index.php\/2025\/07\/16\/soja-em-foco-queda-no-mercado-externo-e-tensao-com-os-eua-reacendem-alerta-no-brasil\/"},"wordCount":150,"commentCount":0,"publisher":{"@id":"https:\/\/agroznegocios.com.br\/#organization"},"image":{"@id":"https:\/\/agroznegocios.com.br\/index.php\/2025\/07\/16\/soja-em-foco-queda-no-mercado-externo-e-tensao-com-os-eua-reacendem-alerta-no-brasil\/#primaryimage"},"thumbnailUrl":"https:\/\/agroznegocios.com.br\/wp-content\/uploads\/2025\/07\/moedas-empilhadas-na-terra-com-plantas-scaled.jpg","articleSection":["Blog"],"inLanguage":"pt-BR","potentialAction":[{"@type":"CommentAction","name":"Comment","target":["https:\/\/agroznegocios.com.br\/index.php\/2025\/07\/16\/soja-em-foco-queda-no-mercado-externo-e-tensao-com-os-eua-reacendem-alerta-no-brasil\/#respond"]}]},{"@type":"WebPage","@id":"https:\/\/agroznegocios.com.br\/index.php\/2025\/07\/16\/soja-em-foco-queda-no-mercado-externo-e-tensao-com-os-eua-reacendem-alerta-no-brasil\/","url":"https:\/\/agroznegocios.com.br\/index.php\/2025\/07\/16\/soja-em-foco-queda-no-mercado-externo-e-tensao-com-os-eua-reacendem-alerta-no-brasil\/","name":"Soja em foco: queda no mercado externo e tens\u00e3o com os EUA reacendem alerta no Brasil - AgroZ","isPartOf":{"@id":"https:\/\/agroznegocios.com.br\/#website"},"primaryImageOfPage":{"@id":"https:\/\/agroznegocios.com.br\/index.php\/2025\/07\/16\/soja-em-foco-queda-no-mercado-externo-e-tensao-com-os-eua-reacendem-alerta-no-brasil\/#primaryimage"},"image":{"@id":"https:\/\/agroznegocios.com.br\/index.php\/2025\/07\/16\/soja-em-foco-queda-no-mercado-externo-e-tensao-com-os-eua-reacendem-alerta-no-brasil\/#primaryimage"},"thumbnailUrl":"https:\/\/agroznegocios.com.br\/wp-content\/uploads\/2025\/07\/moedas-empilhadas-na-terra-com-plantas-scaled.jpg","datePublished":"2025-07-16T14:40:15+00:00","breadcrumb":{"@id":"https:\/\/agroznegocios.com.br\/index.php\/2025\/07\/16\/soja-em-foco-queda-no-mercado-externo-e-tensao-com-os-eua-reacendem-alerta-no-brasil\/#breadcrumb"},"inLanguage":"pt-BR","potentialAction":[{"@type":"ReadAction","target":["https:\/\/agroznegocios.com.br\/index.php\/2025\/07\/16\/soja-em-foco-queda-no-mercado-externo-e-tensao-com-os-eua-reacendem-alerta-no-brasil\/"]}]},{"@type":"ImageObject","inLanguage":"pt-BR","@id":"https:\/\/agroznegocios.com.br\/index.php\/2025\/07\/16\/soja-em-foco-queda-no-mercado-externo-e-tensao-com-os-eua-reacendem-alerta-no-brasil\/#primaryimage","url":"https:\/\/agroznegocios.com.br\/wp-content\/uploads\/2025\/07\/moedas-empilhadas-na-terra-com-plantas-scaled.jpg","contentUrl":"https:\/\/agroznegocios.com.br\/wp-content\/uploads\/2025\/07\/moedas-empilhadas-na-terra-com-plantas-scaled.jpg","width":2560,"height":1707},{"@type":"BreadcrumbList","@id":"https:\/\/agroznegocios.com.br\/index.php\/2025\/07\/16\/soja-em-foco-queda-no-mercado-externo-e-tensao-com-os-eua-reacendem-alerta-no-brasil\/#breadcrumb","itemListElement":[{"@type":"ListItem","position":1,"name":"Home","item":"https:\/\/agroznegocios.com.br\/"},{"@type":"ListItem","position":2,"name":"Soja em foco: queda no mercado externo e tens\u00e3o com os EUA reacendem alerta no Brasil"}]},{"@type":"WebSite","@id":"https:\/\/agroznegocios.com.br\/#website","url":"https:\/\/agroznegocios.com.br\/","name":"AgroZ","description":"","publisher":{"@id":"https:\/\/agroznegocios.com.br\/#organization"},"potentialAction":[{"@type":"SearchAction","target":{"@type":"EntryPoint","urlTemplate":"https:\/\/agroznegocios.com.br\/?s={search_term_string}"},"query-input":{"@type":"PropertyValueSpecification","valueRequired":true,"valueName":"search_term_string"}}],"inLanguage":"pt-BR"},{"@type":"Organization","@id":"https:\/\/agroznegocios.com.br\/#organization","name":"AgroZ Neg\u00f3cios","url":"https:\/\/agroznegocios.com.br\/","logo":{"@type":"ImageObject","inLanguage":"pt-BR","@id":"https:\/\/agroznegocios.com.br\/#\/schema\/logo\/image\/","url":"https:\/\/agroznegocios.com.br\/wp-content\/uploads\/2024\/03\/logAgroZ_Branca-1.png","contentUrl":"https:\/\/agroznegocios.com.br\/wp-content\/uploads\/2024\/03\/logAgroZ_Branca-1.png","width":1600,"height":540,"caption":"AgroZ Neg\u00f3cios"},"image":{"@id":"https:\/\/agroznegocios.com.br\/#\/schema\/logo\/image\/"},"sameAs":["https:\/\/www.instagram.com\/agroznegocios\/"]},{"@type":"Person","@id":"https:\/\/agroznegocios.com.br\/#\/schema\/person\/a66571c4d43714e892caf019bf640b44","name":"Amanda Soares","image":{"@type":"ImageObject","inLanguage":"pt-BR","@id":"https:\/\/agroznegocios.com.br\/#\/schema\/person\/image\/","url":"https:\/\/secure.gravatar.com\/avatar\/f597454e94439602a1fe9f639995a2d9d528adfc47843ec91d8f3c14f0fec7d8?s=96&d=mm&r=g","contentUrl":"https:\/\/secure.gravatar.com\/avatar\/f597454e94439602a1fe9f639995a2d9d528adfc47843ec91d8f3c14f0fec7d8?s=96&d=mm&r=g","caption":"Amanda Soares"},"sameAs":["https:\/\/www.instagram.com\/mandocsoares\/"],"url":"https:\/\/agroznegocios.com.br\/index.php\/author\/amanda\/"}]}},"_links":{"self":[{"href":"https:\/\/agroznegocios.com.br\/index.php\/wp-json\/wp\/v2\/posts\/1238","targetHints":{"allow":["GET"]}}],"collection":[{"href":"https:\/\/agroznegocios.com.br\/index.php\/wp-json\/wp\/v2\/posts"}],"about":[{"href":"https:\/\/agroznegocios.com.br\/index.php\/wp-json\/wp\/v2\/types\/post"}],"author":[{"embeddable":true,"href":"https:\/\/agroznegocios.com.br\/index.php\/wp-json\/wp\/v2\/users\/3"}],"replies":[{"embeddable":true,"href":"https:\/\/agroznegocios.com.br\/index.php\/wp-json\/wp\/v2\/comments?post=1238"}],"version-history":[{"count":1,"href":"https:\/\/agroznegocios.com.br\/index.php\/wp-json\/wp\/v2\/posts\/1238\/revisions"}],"predecessor-version":[{"id":1240,"href":"https:\/\/agroznegocios.com.br\/index.php\/wp-json\/wp\/v2\/posts\/1238\/revisions\/1240"}],"wp:featuredmedia":[{"embeddable":true,"href":"https:\/\/agroznegocios.com.br\/index.php\/wp-json\/wp\/v2\/media\/1239"}],"wp:attachment":[{"href":"https:\/\/agroznegocios.com.br\/index.php\/wp-json\/wp\/v2\/media?parent=1238"}],"wp:term":[{"taxonomy":"category","embeddable":true,"href":"https:\/\/agroznegocios.com.br\/index.php\/wp-json\/wp\/v2\/categories?post=1238"},{"taxonomy":"post_tag","embeddable":true,"href":"https:\/\/agroznegocios.com.br\/index.php\/wp-json\/wp\/v2\/tags?post=1238"}],"curies":[{"name":"wp","href":"https:\/\/api.w.org\/{rel}","templated":true}]}}