{"id":1218,"date":"2025-04-08T13:00:24","date_gmt":"2025-04-08T16:00:24","guid":{"rendered":"https:\/\/agroznegocios.com.br\/?p=1218"},"modified":"2025-04-08T11:09:47","modified_gmt":"2025-04-08T14:09:47","slug":"ratificacao-de-titulos-de-imoveis-rurais-localizados-em-faixa-de-fronteira","status":"publish","type":"post","link":"https:\/\/agroznegocios.com.br\/index.php\/2025\/04\/08\/ratificacao-de-titulos-de-imoveis-rurais-localizados-em-faixa-de-fronteira\/","title":{"rendered":"Ratifica\u00e7\u00e3o de t\u00edtulos de im\u00f3veis rurais localizados em faixa de fronteira"},"content":{"rendered":"<div>\u00a0A Lei Federal n\u00ba 13.178 de 2015 prev\u00ea que os propriet\u00e1rios de im\u00f3veis rurais situados em faixa de fronteira, entendida como a \u00e1rea que se estende at\u00e9 150 quil\u00f4metros da fronteira terrestre brasileira, cujos dom\u00ednios sejam provenientes de titula\u00e7\u00f5es feitas pelos Estados em terras de dom\u00ednio da Uni\u00e3o e\/ou t\u00edtulos de compet\u00eancia dos Estados havidos sem a anu\u00eancia do Conselho de Seguran\u00e7a Nacional, dever\u00e3o realizar o pedido de ratifica\u00e7\u00e3o do t\u00edtulo do im\u00f3vel at\u00e9 22 de outubro de 2025.<\/div>\n<div><\/div>\n<div>No caso de im\u00f3veis com mais de 15 m\u00f3dulos fiscais, se o propriet\u00e1rio n\u00e3o realizar o pedido de ratifica\u00e7\u00e3o junto ao cart\u00f3rio de registro de im\u00f3veis competente at\u00e9 a referida data, ou esta seja considerada invi\u00e1vel, o \u00f3rg\u00e3o federal competente realizar\u00e1 o registro do im\u00f3vel em nome da Uni\u00e3o. O que resultar\u00e1 na perda da propriedade do im\u00f3vel pelo seu propriet\u00e1rio.<\/div>\n<div><\/div>\n<div>Em rela\u00e7\u00e3o aos im\u00f3veis com \u00e1rea inferior a 15 m\u00f3dulos fiscais, n\u00e3o houve a previs\u00e3o de uma data limite na Lei Federal n\u00ba 13.178 de 2015 para a sua ratifica\u00e7\u00e3o e nem a possibilidade de perdimento do bem em face da Uni\u00e3o. Por\u00e9m, a aquisi\u00e7\u00e3o formal da propriedade por seu detentor depende da respectiva ratifica\u00e7\u00e3o do t\u00edtulo no cart\u00f3rio.<\/div>\n<div><\/div>\n<div>Por outro lado, as \u00e1reas com mais de 2.500 hectares depender\u00e3o de pr\u00e9via aprova\u00e7\u00e3o do Congresso Nacional para que haja a ratifica\u00e7\u00e3o e a formaliza\u00e7\u00e3o da titulariza\u00e7\u00e3o por seu possuidor. De forma que essas n\u00e3o est\u00e3o abarcadas pela citada Lei Federal.<\/div>\n<div><\/div>\n<div>Em aten\u00e7\u00e3o aos artigos 2\u00ba e seguintes da Lei de Ratifica\u00e7\u00e3o de Registros Imobili\u00e1rios, cabe ao propriet\u00e1rio do im\u00f3vel localizado em faixa de fronteira, cujo dom\u00ednio seja oriundo de titula\u00e7\u00f5es feitas pelo Estado em terras de dom\u00ednio da Uni\u00e3o e\/ou t\u00edtulos de compet\u00eancia dos Estados havidos sem a anu\u00eancia do Conselho de Seguran\u00e7a Nacional, requerer perante o cart\u00f3rio de registro de im\u00f3veis competente a ratifica\u00e7\u00e3o dos registros imobili\u00e1rios. Para isso dever\u00e1 possuir a certifica\u00e7\u00e3o de georreferenciamento do im\u00f3vel e a atualiza\u00e7\u00e3o da inscri\u00e7\u00e3o do im\u00f3vel no Sistema Nacional de Cadastro Rural.<\/div>\n<div><\/div>\n<div>Assim, apresentados os documentos e feita a requisi\u00e7\u00e3o no cart\u00f3rio, o oficial analisar\u00e1 os documentos e emitir\u00e1 decis\u00e3o administrativa, a qual, se favor\u00e1vel, gerar\u00e1 a averba\u00e7\u00e3o da ratifica\u00e7\u00e3o na matr\u00edcula do im\u00f3vel, com a formaliza\u00e7\u00e3o definitiva da transfer\u00eancia da propriedade do Estado para o particular.<\/div>\n<div><\/div>\n<div>Por fim, sublinha-se a import\u00e2ncia da ratifica\u00e7\u00e3o, visto que s\u00f3 com a sua averba\u00e7\u00e3o na matr\u00edcula do im\u00f3vel o detentor ter\u00e1 a sua propriedade formalizada e conclu\u00edda. O que lhe trar\u00e1 seguran\u00e7a jur\u00eddica e facilitar\u00e1 o acesso a cr\u00e9ditos e programas governamentais de incentivos \u00e0 agricultura.<\/div>\n","protected":false},"excerpt":{"rendered":"<p>\u00a0A Lei Federal n\u00ba 13.178 de 2015 prev\u00ea que os propriet\u00e1rios de im\u00f3veis rurais situados em faixa de fronteira, entendida como a \u00e1rea que se estende at\u00e9 150 quil\u00f4metros da fronteira terrestre brasileira, cujos dom\u00ednios sejam provenientes de titula\u00e7\u00f5es feitas pelos Estados em terras de dom\u00ednio da Uni\u00e3o e\/ou t\u00edtulos de compet\u00eancia dos Estados havidos [&hellip;]<\/p>\n","protected":false},"author":3,"featured_media":1219,"comment_status":"open","ping_status":"open","sticky":false,"template":"","format":"standard","meta":{"footnotes":""},"categories":[1],"tags":[],"class_list":["post-1218","post","type-post","status-publish","format-standard","has-post-thumbnail","hentry","category-blog"],"yoast_head":"<!-- This site is optimized with the Yoast SEO Premium plugin v24.6 (Yoast SEO v24.6) - https:\/\/yoast.com\/wordpress\/plugins\/seo\/ -->\n<title>Ratifica\u00e7\u00e3o de t\u00edtulos de im\u00f3veis rurais localizados em faixa de fronteira - AgroZ<\/title>\n<meta name=\"robots\" content=\"index, follow, max-snippet:-1, max-image-preview:large, max-video-preview:-1\" \/>\n<link rel=\"canonical\" href=\"https:\/\/agroznegocios.com.br\/index.php\/2025\/04\/08\/ratificacao-de-titulos-de-imoveis-rurais-localizados-em-faixa-de-fronteira\/\" \/>\n<meta property=\"og:locale\" content=\"pt_BR\" \/>\n<meta property=\"og:type\" content=\"article\" \/>\n<meta property=\"og:title\" content=\"Ratifica\u00e7\u00e3o de t\u00edtulos de im\u00f3veis rurais localizados em faixa de fronteira\" \/>\n<meta property=\"og:description\" content=\"\u00a0A Lei Federal n\u00ba 13.178 de 2015 prev\u00ea que os propriet\u00e1rios de im\u00f3veis rurais situados em faixa de fronteira, entendida como a \u00e1rea que se estende at\u00e9 150 quil\u00f4metros da fronteira terrestre brasileira, cujos dom\u00ednios sejam provenientes de titula\u00e7\u00f5es feitas pelos Estados em terras de dom\u00ednio da Uni\u00e3o e\/ou t\u00edtulos de compet\u00eancia dos Estados havidos [&hellip;]\" \/>\n<meta property=\"og:url\" content=\"https:\/\/agroznegocios.com.br\/index.php\/2025\/04\/08\/ratificacao-de-titulos-de-imoveis-rurais-localizados-em-faixa-de-fronteira\/\" \/>\n<meta property=\"og:site_name\" content=\"AgroZ\" \/>\n<meta property=\"article:published_time\" content=\"2025-04-08T16:00:24+00:00\" \/>\n<meta property=\"og:image\" content=\"https:\/\/agroznegocios.com.br\/wp-content\/uploads\/2025\/04\/land-plot-with-nature-landscape-location-pin-scaled.jpg\" \/>\n\t<meta property=\"og:image:width\" content=\"2560\" \/>\n\t<meta property=\"og:image:height\" content=\"1440\" \/>\n\t<meta property=\"og:image:type\" content=\"image\/jpeg\" \/>\n<meta name=\"author\" content=\"Amanda Soares\" \/>\n<meta name=\"twitter:card\" content=\"summary_large_image\" \/>\n<meta name=\"twitter:label1\" content=\"Escrito por\" \/>\n\t<meta name=\"twitter:data1\" content=\"Amanda Soares\" \/>\n\t<meta name=\"twitter:label2\" content=\"Est. tempo de leitura\" \/>\n\t<meta name=\"twitter:data2\" content=\"3 minutos\" \/>\n<script type=\"application\/ld+json\" class=\"yoast-schema-graph\">{\"@context\":\"https:\/\/schema.org\",\"@graph\":[{\"@type\":\"Article\",\"@id\":\"https:\/\/agroznegocios.com.br\/index.php\/2025\/04\/08\/ratificacao-de-titulos-de-imoveis-rurais-localizados-em-faixa-de-fronteira\/#article\",\"isPartOf\":{\"@id\":\"https:\/\/agroznegocios.com.br\/index.php\/2025\/04\/08\/ratificacao-de-titulos-de-imoveis-rurais-localizados-em-faixa-de-fronteira\/\"},\"author\":{\"name\":\"Amanda Soares\",\"@id\":\"https:\/\/agroznegocios.com.br\/#\/schema\/person\/a66571c4d43714e892caf019bf640b44\"},\"headline\":\"Ratifica\u00e7\u00e3o de t\u00edtulos de im\u00f3veis rurais localizados em faixa de fronteira\",\"datePublished\":\"2025-04-08T16:00:24+00:00\",\"mainEntityOfPage\":{\"@id\":\"https:\/\/agroznegocios.com.br\/index.php\/2025\/04\/08\/ratificacao-de-titulos-de-imoveis-rurais-localizados-em-faixa-de-fronteira\/\"},\"wordCount\":515,\"commentCount\":0,\"publisher\":{\"@id\":\"https:\/\/agroznegocios.com.br\/#organization\"},\"image\":{\"@id\":\"https:\/\/agroznegocios.com.br\/index.php\/2025\/04\/08\/ratificacao-de-titulos-de-imoveis-rurais-localizados-em-faixa-de-fronteira\/#primaryimage\"},\"thumbnailUrl\":\"https:\/\/agroznegocios.com.br\/wp-content\/uploads\/2025\/04\/land-plot-with-nature-landscape-location-pin-scaled.jpg\",\"articleSection\":[\"Blog\"],\"inLanguage\":\"pt-BR\",\"potentialAction\":[{\"@type\":\"CommentAction\",\"name\":\"Comment\",\"target\":[\"https:\/\/agroznegocios.com.br\/index.php\/2025\/04\/08\/ratificacao-de-titulos-de-imoveis-rurais-localizados-em-faixa-de-fronteira\/#respond\"]}]},{\"@type\":\"WebPage\",\"@id\":\"https:\/\/agroznegocios.com.br\/index.php\/2025\/04\/08\/ratificacao-de-titulos-de-imoveis-rurais-localizados-em-faixa-de-fronteira\/\",\"url\":\"https:\/\/agroznegocios.com.br\/index.php\/2025\/04\/08\/ratificacao-de-titulos-de-imoveis-rurais-localizados-em-faixa-de-fronteira\/\",\"name\":\"Ratifica\u00e7\u00e3o de t\u00edtulos de im\u00f3veis rurais localizados em faixa de fronteira - AgroZ\",\"isPartOf\":{\"@id\":\"https:\/\/agroznegocios.com.br\/#website\"},\"primaryImageOfPage\":{\"@id\":\"https:\/\/agroznegocios.com.br\/index.php\/2025\/04\/08\/ratificacao-de-titulos-de-imoveis-rurais-localizados-em-faixa-de-fronteira\/#primaryimage\"},\"image\":{\"@id\":\"https:\/\/agroznegocios.com.br\/index.php\/2025\/04\/08\/ratificacao-de-titulos-de-imoveis-rurais-localizados-em-faixa-de-fronteira\/#primaryimage\"},\"thumbnailUrl\":\"https:\/\/agroznegocios.com.br\/wp-content\/uploads\/2025\/04\/land-plot-with-nature-landscape-location-pin-scaled.jpg\",\"datePublished\":\"2025-04-08T16:00:24+00:00\",\"breadcrumb\":{\"@id\":\"https:\/\/agroznegocios.com.br\/index.php\/2025\/04\/08\/ratificacao-de-titulos-de-imoveis-rurais-localizados-em-faixa-de-fronteira\/#breadcrumb\"},\"inLanguage\":\"pt-BR\",\"potentialAction\":[{\"@type\":\"ReadAction\",\"target\":[\"https:\/\/agroznegocios.com.br\/index.php\/2025\/04\/08\/ratificacao-de-titulos-de-imoveis-rurais-localizados-em-faixa-de-fronteira\/\"]}]},{\"@type\":\"ImageObject\",\"inLanguage\":\"pt-BR\",\"@id\":\"https:\/\/agroznegocios.com.br\/index.php\/2025\/04\/08\/ratificacao-de-titulos-de-imoveis-rurais-localizados-em-faixa-de-fronteira\/#primaryimage\",\"url\":\"https:\/\/agroznegocios.com.br\/wp-content\/uploads\/2025\/04\/land-plot-with-nature-landscape-location-pin-scaled.jpg\",\"contentUrl\":\"https:\/\/agroznegocios.com.br\/wp-content\/uploads\/2025\/04\/land-plot-with-nature-landscape-location-pin-scaled.jpg\",\"width\":2560,\"height\":1440,\"caption\":\"https:\/\/www.pexels.com\/es-es\/foto\/campo-al-aire-libre-rural-tierras-de-cultivo-9049903\/\"},{\"@type\":\"BreadcrumbList\",\"@id\":\"https:\/\/agroznegocios.com.br\/index.php\/2025\/04\/08\/ratificacao-de-titulos-de-imoveis-rurais-localizados-em-faixa-de-fronteira\/#breadcrumb\",\"itemListElement\":[{\"@type\":\"ListItem\",\"position\":1,\"name\":\"Home\",\"item\":\"https:\/\/agroznegocios.com.br\/\"},{\"@type\":\"ListItem\",\"position\":2,\"name\":\"Ratifica\u00e7\u00e3o de t\u00edtulos de im\u00f3veis rurais localizados em faixa de fronteira\"}]},{\"@type\":\"WebSite\",\"@id\":\"https:\/\/agroznegocios.com.br\/#website\",\"url\":\"https:\/\/agroznegocios.com.br\/\",\"name\":\"AgroZ\",\"description\":\"\",\"publisher\":{\"@id\":\"https:\/\/agroznegocios.com.br\/#organization\"},\"potentialAction\":[{\"@type\":\"SearchAction\",\"target\":{\"@type\":\"EntryPoint\",\"urlTemplate\":\"https:\/\/agroznegocios.com.br\/?s={search_term_string}\"},\"query-input\":{\"@type\":\"PropertyValueSpecification\",\"valueRequired\":true,\"valueName\":\"search_term_string\"}}],\"inLanguage\":\"pt-BR\"},{\"@type\":\"Organization\",\"@id\":\"https:\/\/agroznegocios.com.br\/#organization\",\"name\":\"AgroZ Neg\u00f3cios\",\"url\":\"https:\/\/agroznegocios.com.br\/\",\"logo\":{\"@type\":\"ImageObject\",\"inLanguage\":\"pt-BR\",\"@id\":\"https:\/\/agroznegocios.com.br\/#\/schema\/logo\/image\/\",\"url\":\"https:\/\/agroznegocios.com.br\/wp-content\/uploads\/2024\/03\/logAgroZ_Branca-1.png\",\"contentUrl\":\"https:\/\/agroznegocios.com.br\/wp-content\/uploads\/2024\/03\/logAgroZ_Branca-1.png\",\"width\":1600,\"height\":540,\"caption\":\"AgroZ Neg\u00f3cios\"},\"image\":{\"@id\":\"https:\/\/agroznegocios.com.br\/#\/schema\/logo\/image\/\"},\"sameAs\":[\"https:\/\/www.instagram.com\/agroznegocios\/\"]},{\"@type\":\"Person\",\"@id\":\"https:\/\/agroznegocios.com.br\/#\/schema\/person\/a66571c4d43714e892caf019bf640b44\",\"name\":\"Amanda Soares\",\"image\":{\"@type\":\"ImageObject\",\"inLanguage\":\"pt-BR\",\"@id\":\"https:\/\/agroznegocios.com.br\/#\/schema\/person\/image\/\",\"url\":\"https:\/\/secure.gravatar.com\/avatar\/f597454e94439602a1fe9f639995a2d9d528adfc47843ec91d8f3c14f0fec7d8?s=96&d=mm&r=g\",\"contentUrl\":\"https:\/\/secure.gravatar.com\/avatar\/f597454e94439602a1fe9f639995a2d9d528adfc47843ec91d8f3c14f0fec7d8?s=96&d=mm&r=g\",\"caption\":\"Amanda Soares\"},\"sameAs\":[\"https:\/\/www.instagram.com\/mandocsoares\/\"],\"url\":\"https:\/\/agroznegocios.com.br\/index.php\/author\/amanda\/\"}]}<\/script>\n<!-- \/ Yoast SEO Premium plugin. -->","yoast_head_json":{"title":"Ratifica\u00e7\u00e3o de t\u00edtulos de im\u00f3veis rurais localizados em faixa de fronteira - AgroZ","robots":{"index":"index","follow":"follow","max-snippet":"max-snippet:-1","max-image-preview":"max-image-preview:large","max-video-preview":"max-video-preview:-1"},"canonical":"https:\/\/agroznegocios.com.br\/index.php\/2025\/04\/08\/ratificacao-de-titulos-de-imoveis-rurais-localizados-em-faixa-de-fronteira\/","og_locale":"pt_BR","og_type":"article","og_title":"Ratifica\u00e7\u00e3o de t\u00edtulos de im\u00f3veis rurais localizados em faixa de fronteira","og_description":"\u00a0A Lei Federal n\u00ba 13.178 de 2015 prev\u00ea que os propriet\u00e1rios de im\u00f3veis rurais situados em faixa de fronteira, entendida como a \u00e1rea que se estende at\u00e9 150 quil\u00f4metros da fronteira terrestre brasileira, cujos dom\u00ednios sejam provenientes de titula\u00e7\u00f5es feitas pelos Estados em terras de dom\u00ednio da Uni\u00e3o e\/ou t\u00edtulos de compet\u00eancia dos Estados havidos [&hellip;]","og_url":"https:\/\/agroznegocios.com.br\/index.php\/2025\/04\/08\/ratificacao-de-titulos-de-imoveis-rurais-localizados-em-faixa-de-fronteira\/","og_site_name":"AgroZ","article_published_time":"2025-04-08T16:00:24+00:00","og_image":[{"width":2560,"height":1440,"url":"https:\/\/agroznegocios.com.br\/wp-content\/uploads\/2025\/04\/land-plot-with-nature-landscape-location-pin-scaled.jpg","type":"image\/jpeg"}],"author":"Amanda Soares","twitter_card":"summary_large_image","twitter_misc":{"Escrito por":"Amanda Soares","Est. tempo de leitura":"3 minutos"},"schema":{"@context":"https:\/\/schema.org","@graph":[{"@type":"Article","@id":"https:\/\/agroznegocios.com.br\/index.php\/2025\/04\/08\/ratificacao-de-titulos-de-imoveis-rurais-localizados-em-faixa-de-fronteira\/#article","isPartOf":{"@id":"https:\/\/agroznegocios.com.br\/index.php\/2025\/04\/08\/ratificacao-de-titulos-de-imoveis-rurais-localizados-em-faixa-de-fronteira\/"},"author":{"name":"Amanda Soares","@id":"https:\/\/agroznegocios.com.br\/#\/schema\/person\/a66571c4d43714e892caf019bf640b44"},"headline":"Ratifica\u00e7\u00e3o de t\u00edtulos de im\u00f3veis rurais localizados em faixa de fronteira","datePublished":"2025-04-08T16:00:24+00:00","mainEntityOfPage":{"@id":"https:\/\/agroznegocios.com.br\/index.php\/2025\/04\/08\/ratificacao-de-titulos-de-imoveis-rurais-localizados-em-faixa-de-fronteira\/"},"wordCount":515,"commentCount":0,"publisher":{"@id":"https:\/\/agroznegocios.com.br\/#organization"},"image":{"@id":"https:\/\/agroznegocios.com.br\/index.php\/2025\/04\/08\/ratificacao-de-titulos-de-imoveis-rurais-localizados-em-faixa-de-fronteira\/#primaryimage"},"thumbnailUrl":"https:\/\/agroznegocios.com.br\/wp-content\/uploads\/2025\/04\/land-plot-with-nature-landscape-location-pin-scaled.jpg","articleSection":["Blog"],"inLanguage":"pt-BR","potentialAction":[{"@type":"CommentAction","name":"Comment","target":["https:\/\/agroznegocios.com.br\/index.php\/2025\/04\/08\/ratificacao-de-titulos-de-imoveis-rurais-localizados-em-faixa-de-fronteira\/#respond"]}]},{"@type":"WebPage","@id":"https:\/\/agroznegocios.com.br\/index.php\/2025\/04\/08\/ratificacao-de-titulos-de-imoveis-rurais-localizados-em-faixa-de-fronteira\/","url":"https:\/\/agroznegocios.com.br\/index.php\/2025\/04\/08\/ratificacao-de-titulos-de-imoveis-rurais-localizados-em-faixa-de-fronteira\/","name":"Ratifica\u00e7\u00e3o de t\u00edtulos de im\u00f3veis rurais localizados em faixa de fronteira - AgroZ","isPartOf":{"@id":"https:\/\/agroznegocios.com.br\/#website"},"primaryImageOfPage":{"@id":"https:\/\/agroznegocios.com.br\/index.php\/2025\/04\/08\/ratificacao-de-titulos-de-imoveis-rurais-localizados-em-faixa-de-fronteira\/#primaryimage"},"image":{"@id":"https:\/\/agroznegocios.com.br\/index.php\/2025\/04\/08\/ratificacao-de-titulos-de-imoveis-rurais-localizados-em-faixa-de-fronteira\/#primaryimage"},"thumbnailUrl":"https:\/\/agroznegocios.com.br\/wp-content\/uploads\/2025\/04\/land-plot-with-nature-landscape-location-pin-scaled.jpg","datePublished":"2025-04-08T16:00:24+00:00","breadcrumb":{"@id":"https:\/\/agroznegocios.com.br\/index.php\/2025\/04\/08\/ratificacao-de-titulos-de-imoveis-rurais-localizados-em-faixa-de-fronteira\/#breadcrumb"},"inLanguage":"pt-BR","potentialAction":[{"@type":"ReadAction","target":["https:\/\/agroznegocios.com.br\/index.php\/2025\/04\/08\/ratificacao-de-titulos-de-imoveis-rurais-localizados-em-faixa-de-fronteira\/"]}]},{"@type":"ImageObject","inLanguage":"pt-BR","@id":"https:\/\/agroznegocios.com.br\/index.php\/2025\/04\/08\/ratificacao-de-titulos-de-imoveis-rurais-localizados-em-faixa-de-fronteira\/#primaryimage","url":"https:\/\/agroznegocios.com.br\/wp-content\/uploads\/2025\/04\/land-plot-with-nature-landscape-location-pin-scaled.jpg","contentUrl":"https:\/\/agroznegocios.com.br\/wp-content\/uploads\/2025\/04\/land-plot-with-nature-landscape-location-pin-scaled.jpg","width":2560,"height":1440,"caption":"https:\/\/www.pexels.com\/es-es\/foto\/campo-al-aire-libre-rural-tierras-de-cultivo-9049903\/"},{"@type":"BreadcrumbList","@id":"https:\/\/agroznegocios.com.br\/index.php\/2025\/04\/08\/ratificacao-de-titulos-de-imoveis-rurais-localizados-em-faixa-de-fronteira\/#breadcrumb","itemListElement":[{"@type":"ListItem","position":1,"name":"Home","item":"https:\/\/agroznegocios.com.br\/"},{"@type":"ListItem","position":2,"name":"Ratifica\u00e7\u00e3o de t\u00edtulos de im\u00f3veis rurais localizados em faixa de fronteira"}]},{"@type":"WebSite","@id":"https:\/\/agroznegocios.com.br\/#website","url":"https:\/\/agroznegocios.com.br\/","name":"AgroZ","description":"","publisher":{"@id":"https:\/\/agroznegocios.com.br\/#organization"},"potentialAction":[{"@type":"SearchAction","target":{"@type":"EntryPoint","urlTemplate":"https:\/\/agroznegocios.com.br\/?s={search_term_string}"},"query-input":{"@type":"PropertyValueSpecification","valueRequired":true,"valueName":"search_term_string"}}],"inLanguage":"pt-BR"},{"@type":"Organization","@id":"https:\/\/agroznegocios.com.br\/#organization","name":"AgroZ Neg\u00f3cios","url":"https:\/\/agroznegocios.com.br\/","logo":{"@type":"ImageObject","inLanguage":"pt-BR","@id":"https:\/\/agroznegocios.com.br\/#\/schema\/logo\/image\/","url":"https:\/\/agroznegocios.com.br\/wp-content\/uploads\/2024\/03\/logAgroZ_Branca-1.png","contentUrl":"https:\/\/agroznegocios.com.br\/wp-content\/uploads\/2024\/03\/logAgroZ_Branca-1.png","width":1600,"height":540,"caption":"AgroZ Neg\u00f3cios"},"image":{"@id":"https:\/\/agroznegocios.com.br\/#\/schema\/logo\/image\/"},"sameAs":["https:\/\/www.instagram.com\/agroznegocios\/"]},{"@type":"Person","@id":"https:\/\/agroznegocios.com.br\/#\/schema\/person\/a66571c4d43714e892caf019bf640b44","name":"Amanda Soares","image":{"@type":"ImageObject","inLanguage":"pt-BR","@id":"https:\/\/agroznegocios.com.br\/#\/schema\/person\/image\/","url":"https:\/\/secure.gravatar.com\/avatar\/f597454e94439602a1fe9f639995a2d9d528adfc47843ec91d8f3c14f0fec7d8?s=96&d=mm&r=g","contentUrl":"https:\/\/secure.gravatar.com\/avatar\/f597454e94439602a1fe9f639995a2d9d528adfc47843ec91d8f3c14f0fec7d8?s=96&d=mm&r=g","caption":"Amanda Soares"},"sameAs":["https:\/\/www.instagram.com\/mandocsoares\/"],"url":"https:\/\/agroznegocios.com.br\/index.php\/author\/amanda\/"}]}},"_links":{"self":[{"href":"https:\/\/agroznegocios.com.br\/index.php\/wp-json\/wp\/v2\/posts\/1218","targetHints":{"allow":["GET"]}}],"collection":[{"href":"https:\/\/agroznegocios.com.br\/index.php\/wp-json\/wp\/v2\/posts"}],"about":[{"href":"https:\/\/agroznegocios.com.br\/index.php\/wp-json\/wp\/v2\/types\/post"}],"author":[{"embeddable":true,"href":"https:\/\/agroznegocios.com.br\/index.php\/wp-json\/wp\/v2\/users\/3"}],"replies":[{"embeddable":true,"href":"https:\/\/agroznegocios.com.br\/index.php\/wp-json\/wp\/v2\/comments?post=1218"}],"version-history":[{"count":1,"href":"https:\/\/agroznegocios.com.br\/index.php\/wp-json\/wp\/v2\/posts\/1218\/revisions"}],"predecessor-version":[{"id":1220,"href":"https:\/\/agroznegocios.com.br\/index.php\/wp-json\/wp\/v2\/posts\/1218\/revisions\/1220"}],"wp:featuredmedia":[{"embeddable":true,"href":"https:\/\/agroznegocios.com.br\/index.php\/wp-json\/wp\/v2\/media\/1219"}],"wp:attachment":[{"href":"https:\/\/agroznegocios.com.br\/index.php\/wp-json\/wp\/v2\/media?parent=1218"}],"wp:term":[{"taxonomy":"category","embeddable":true,"href":"https:\/\/agroznegocios.com.br\/index.php\/wp-json\/wp\/v2\/categories?post=1218"},{"taxonomy":"post_tag","embeddable":true,"href":"https:\/\/agroznegocios.com.br\/index.php\/wp-json\/wp\/v2\/tags?post=1218"}],"curies":[{"name":"wp","href":"https:\/\/api.w.org\/{rel}","templated":true}]}}